{"id":209,"count":2,"description":"F\u00fcr die Beleuchtung des Gartens sprechen nicht nur praktische, sondern auch \u00e4sthetische Gr\u00fcnde. Einerseits helfen <a href=\"https:\/\/www.kull-design.com\/garten-strahler\" title=\"\u00dcbersicht Gartenstrahler\">Gartenstrahler<\/a>, <a href=\"https:\/\/www.kull-design.com\/fackelleuchten\" title=\"\u00dcbersicht Fackelleuchten\">Fackelleuchten &amp; Co.<\/a>, den Gehweg, die Ein- und Auffahrt auf dem Grundst\u00fcck im Dunkeln perfekt auszuleuchten. Andererseits kann ein umfassendes Beleuchtungskonzept weitaus mehr als das. Durch das geschickte Setzen von Lichtakzenten erstrahlt der Garten auch nach Sonnenuntergang in vollem Glanz. \r\n\r\nBei kull design  finden Sie nicht nur die passenden Au\u00dfenleuchten nebst <a href=\"https:\/\/www.kull-design.com\/zubehoer-leuchten\" title=\"Zubeh\u00f6r f\u00fcr Au\u00dfenleuchten\">Zubeh\u00f6r<\/a>, sondern erfahren auch, wie Sie bei der Beleuchtung Ihres Gartens am besten vorgehen und dabei sogar noch Energie sparen k\u00f6nnen. \r\n","link":"https:\/\/www.kull-design.com\/blog\/tag\/strom-im-garten\/","name":"Strom im Garten","slug":"strom-im-garten","taxonomy":"post_tag","meta":[],"_links":{"self":[{"href":"https:\/\/www.kull-design.com\/blog\/wp-json\/wp\/v2\/tags\/209"}],"collection":[{"href":"https:\/\/www.kull-design.com\/blog\/wp-json\/wp\/v2\/tags"}],"about":[{"href":"https:\/\/www.kull-design.com\/blog\/wp-json\/wp\/v2\/taxonomies\/post_tag"}],"wp:post_type":[{"href":"https:\/\/www.kull-design.com\/blog\/wp-json\/wp\/v2\/posts?tags=209"}],"curies":[{"name":"wp","href":"https:\/\/api.w.org\/{rel}","templated":true}]}}